{"id":363,"date":"2012-04-16T21:21:00","date_gmt":"2012-04-17T00:21:00","guid":{"rendered":"http:\/\/analisedemarketing.com\/blog\/?p=363"},"modified":"2012-04-16T21:21:00","modified_gmt":"2012-04-17T00:21:00","slug":"cencosud-a-varejista-que-voc-no-conhece","status":"publish","type":"post","link":"https:\/\/analisedemarketing.com\/?p=363","title":{"rendered":"Cencosud &#8211; A varejista que voc\u00ea n\u00e3o conhece"},"content":{"rendered":"<p align=\"justify\"><a href=\"http:\/\/analisedemarketing.com\/blog\/wp-content\/uploads\/2012\/04\/image2.png\"><img loading=\"lazy\" decoding=\"async\" style=\"background-image: none; border-right-width: 0px; margin: 4px 15px 4px 0px; padding-left: 0px; padding-right: 0px; display: inline; float: left; border-top-width: 0px; border-bottom-width: 0px; border-left-width: 0px; padding-top: 0px\" title=\"image\" border=\"0\" alt=\"image\" align=\"left\" src=\"http:\/\/analisedemarketing.com\/blog\/wp-content\/uploads\/2012\/04\/image_thumb2.png\" width=\"158\" height=\"92\" \/><\/a>Em 2011 um dos assuntos mais comentados no mundo corporativo foi a tentativa de Ab\u00edlio Diniz, do Grupo P\u00e3o de A\u00e7ucar, de adquirir o Carrefour. Por uma s\u00e9rie de motivos (<a href=\"http:\/\/analisedemarketing.com\/blog\/?p=253\">veja aqui<\/a>) o neg\u00f3cio n\u00e3o saiu, mas a tentativa por si s\u00f3 indica a tend\u00eancia global de grande grupos dominando o varejo. Esse dom\u00ednio, realidade em grandes centros, tem se regionalizado cada vez mais, e hoje pequenas redes do interior do pa\u00eds pertecem a gigantes internacionais e o consumidor nem imagina. <\/p>\n<p align=\"justify\">Quando se fala em grande grupos do varejo, os nomes s\u00e3o sempre Walmat, Carrefou e P\u00e3o de A\u00e7ucar. Estes vem a tempos brigando por vendas e s\u00e3o de fato os maiores players atuando no pa\u00eds. Por\u00e9m, um grupo chileno, que chegou ao pa\u00eds em 2007 vem crescendo, comendo pelas beiradas, e est\u00e1 pr\u00f3ximo de mais uma aquisi\u00e7\u00e3o relevante para sua opera\u00e7\u00e3o brasileira.<\/p>\n<p align=\"justify\">O Cencosud \u00e9 um grupo de varejo extremamente diversificado, iniciado com um restaurante, que se tornou o primeiro mercado da empresa. Em 1960 foi lan\u00e7ado o Jumbo, primeiro hipermercado do Chile. Hoje a empresa atua tamb\u00e9m com administra\u00e7\u00e3o de shoppings, redes de materiais de constru\u00e7\u00e3o (assim como o Walmart), postos de gasolina e docerias. Como muitas varejistas tem tamb\u00e9n seu bra\u00e7o de opera\u00e7\u00f5es de cart\u00f5es de cr\u00e9dito.<a href=\"http:\/\/analisedemarketing.com\/blog\/wp-content\/uploads\/2012\/04\/EmpresasCencosud_AnalisedeMarketing.jpg\"><img loading=\"lazy\" decoding=\"async\" style=\"background-image: none; border-right-width: 0px; margin: 0px 0px 0px 15px; padding-left: 0px; padding-right: 0px; display: inline; float: right; border-top-width: 0px; border-bottom-width: 0px; border-left-width: 0px; padding-top: 0px\" title=\"EmpresasCencosud_AnalisedeMarketing\" border=\"0\" alt=\"EmpresasCencosud_AnalisedeMarketing\" align=\"right\" src=\"http:\/\/analisedemarketing.com\/blog\/wp-content\/uploads\/2012\/04\/EmpresasCencosud_AnalisedeMarketing_thumb.jpg\" width=\"240\" height=\"148\" \/><\/a><\/p>\n<p align=\"justify\">Presente na Argentina, Peru, Col\u00f4mbia e Brasil, o Cencosud \u00e9 uma for\u00e7a do varejo na Am\u00e9rica do Sul. Sua presen\u00e7a no Brasil foi iniciada com a compra da rede sergipana G.Barbosa. A rede era alvo tamb\u00e9m de P\u00e3o de A\u00e7ucar e Carrefour, mas o grupo chileno surpreendeu com a melhor oferta e manteve as aquisi\u00e7\u00f5es como principal estrat\u00e9gia de expans\u00e3o. Em 2010 as redes SuperFam\u00edlia, do Cear\u00e1, Bretas, de Minas Gerais, e a delicatessen Perini, da Bahia, foram adquiridas pelo grupo. No final de 2011 foi a vez da rede Prezunic, com 31 lojas no estado do Rio de Janeiro ser incorporada ao grupo, num neg\u00f3cio de quase R$800 milh\u00f5es. <\/p>\n<p align=\"justify\">A bola da vez \u00e9 a DMA, varejista mineira, dona das redes Via Brasil, Epa e Mart Plus. O valor do neg\u00f3cio \u00e9 de R$1,3 bilh\u00f5es, e o faturamente da DMA em 2011 foi de R$2 bilh\u00f5es. <\/p>\n<p align=\"justify\">O Cencosud teve entre 2005 e 2011 um crescimento m\u00e9dio anual de 20%. E se considerarmos a cota\u00e7\u00e3o de suas a\u00e7\u00f5es na bolsa de Santiago, vale mais que P\u00e3o de A\u00e7ucar de Ab\u00edlio Diniz. \u00c9 uma pot\u00eancia na am\u00e9rica latina que pode, com trabalho forte e estrat\u00e9gia, se tornar um concorrente de peso para os l\u00edderes do mercado.<\/p>\n","protected":false},"excerpt":{"rendered":"<p>Em 2011 um dos assuntos mais comentados no mundo corporativo foi a tentativa de Ab\u00edlio Diniz, do Grupo P\u00e3o de A\u00e7ucar, de adquirir o Carrefour. Por uma s\u00e9rie de motivos (veja aqui) o neg\u00f3cio n\u00e3o saiu, mas a tentativa por si s\u00f3 indica a tend\u00eancia global de grande grupos dominando o varejo. Esse dom\u00ednio, realidade<\/p>\n","protected":false},"author":1,"featured_media":0,"comment_status":"open","ping_status":"open","sticky":false,"template":"","format":"standard","meta":{"footnotes":""},"categories":[10,15],"tags":[50,53,107,174,205,217],"class_list":{"0":"post-363","1":"post","2":"type-post","3":"status-publish","4":"format-standard","6":"category-empresas","7":"category-mercados","8":"tag-carrefour","9":"tag-cencosud","10":"tag-grandes-grupos","11":"tag-pao-de-acucar","12":"tag-supermercados","13":"tag-walmart"},"_links":{"self":[{"href":"https:\/\/analisedemarketing.com\/index.php?rest_route=\/wp\/v2\/posts\/363"}],"collection":[{"href":"https:\/\/analisedemarketing.com\/index.php?rest_route=\/wp\/v2\/posts"}],"about":[{"href":"https:\/\/analisedemarketing.com\/index.php?rest_route=\/wp\/v2\/types\/post"}],"author":[{"embeddable":true,"href":"https:\/\/analisedemarketing.com\/index.php?rest_route=\/wp\/v2\/users\/1"}],"replies":[{"embeddable":true,"href":"https:\/\/analisedemarketing.com\/index.php?rest_route=%2Fwp%2Fv2%2Fcomments&post=363"}],"version-history":[{"count":0,"href":"https:\/\/analisedemarketing.com\/index.php?rest_route=\/wp\/v2\/posts\/363\/revisions"}],"wp:attachment":[{"href":"https:\/\/analisedemarketing.com\/index.php?rest_route=%2Fwp%2Fv2%2Fmedia&parent=363"}],"wp:term":[{"taxonomy":"category","embeddable":true,"href":"https:\/\/analisedemarketing.com\/index.php?rest_route=%2Fwp%2Fv2%2Fcategories&post=363"},{"taxonomy":"post_tag","embeddable":true,"href":"https:\/\/analisedemarketing.com\/index.php?rest_route=%2Fwp%2Fv2%2Ftags&post=363"}],"curies":[{"name":"wp","href":"https:\/\/api.w.org\/{rel}","templated":true}]}}