{"id":266,"date":"2011-08-08T22:26:00","date_gmt":"2011-08-09T01:26:00","guid":{"rendered":"http:\/\/analisedemarketing.com\/blog\/?p=266"},"modified":"2011-08-08T22:26:00","modified_gmt":"2011-08-09T01:26:00","slug":"a-economia-e-o-consumo","status":"publish","type":"post","link":"https:\/\/analisedemarketing.com\/?p=266","title":{"rendered":"A economia e o consumo"},"content":{"rendered":"<p align=\"justify\">Desde 2008 a economia mundial est\u00e1 \u201cpatinando\u201d. A crise americana resultou em quase 2 anos de inadimpl\u00eancia, desemprego e desacelera\u00e7\u00e3o. Estes problemas atingiram principalmente as grandes pot\u00eancias, e desde ent\u00e3o o mundo vive uma grande incerteza econ\u00f4mica.<\/p>\n<p align=\"justify\">A incerteza \u00e9 nesta situa\u00e7\u00e3o o que alimenta o ciclo da crise. Incerteza e inseguran\u00e7a s\u00e3o problemas enormes que podem afundar uma economia. A inseguran\u00e7a dos investidores provoca a baixa nas bolsas, a inseguran\u00e7a das empresas diminui investimento em estrutura e pessoas. O dinheiro para de circular, e o consumidor final passa a ter medo de comprar. Em um mundo de incertezas, a tend\u00eancia \u00e9 de recess\u00e3o.<\/p>\n<p align=\"justify\">Nos \u00faltimos anos a euforia do consumidor brasileiro tem aumentado junto com seu poder de compra. O brasileiro quer comprar, e tem comprado. A infla\u00e7\u00e3o surgiu como reflexo desse volume de consumo, e passou a ser amea\u00e7a \u00e0 nossa economia. Hoje o governo se esfor\u00e7a para conter um pouco os gastos do cidad\u00e3o, atrav\u00e9s da taxa de juros e de medidas como o IOF para pagamentos no cart\u00e3o de cr\u00e9dito. A mensagem \u00e9 clara: gastem menos.<\/p>\n<p align=\"justify\">Quem fica em uma encruzilhada nesta situa\u00e7\u00e3o s\u00e3o as empresas. Investir em um mercado promissor como o brasileiro ou esperar o mundo tomar rumo, do ponto de vista econ\u00f4mico, e depois tra\u00e7ar estrat\u00e9gias? A decis\u00e3o n\u00e3o \u00e9 f\u00e1cil, e prever o futuro \u00e9 imposs\u00edvel.<\/p>\n<p align=\"justify\">Acredito que nosso pa\u00eds vai se sair bem de mais esse momento dif\u00edcil da economia. Por\u00e9m isso n\u00e3o vai acontecer por in\u00e9rcia, mas com atitudes inteligentes e r\u00e1pidas do governo. A nosso favor temos a copa de 2014, que representa uma obriga\u00e7\u00e3o de investimentos e uma inevit\u00e1vel circula\u00e7\u00e3o de dinheiro.<\/p>\n<p align=\"justify\">O potencial \u00e9 grande, e espero que seja aproveitado, porque fazer marketing em Brasil que cresce \u00e9 sempre melhor.<\/p>\n","protected":false},"excerpt":{"rendered":"<p>Desde 2008 a economia mundial est\u00e1 \u201cpatinando\u201d. A crise americana resultou em quase 2 anos de inadimpl\u00eancia, desemprego e desacelera\u00e7\u00e3o. Estes problemas atingiram principalmente as grandes pot\u00eancias, e desde ent\u00e3o o mundo vive uma grande incerteza econ\u00f4mica. A incerteza \u00e9 nesta situa\u00e7\u00e3o o que alimenta o ciclo da crise. Incerteza e inseguran\u00e7a s\u00e3o problemas enormes<\/p>\n","protected":false},"author":1,"featured_media":0,"comment_status":"open","ping_status":"open","sticky":false,"template":"","format":"standard","meta":{"footnotes":""},"categories":[7,8],"tags":[69,77,106],"class_list":{"0":"post-266","1":"post","2":"type-post","3":"status-publish","4":"format-standard","6":"category-consumo","7":"category-economia","8":"tag-consumidor","9":"tag-crise","10":"tag-governo"},"_links":{"self":[{"href":"https:\/\/analisedemarketing.com\/index.php?rest_route=\/wp\/v2\/posts\/266"}],"collection":[{"href":"https:\/\/analisedemarketing.com\/index.php?rest_route=\/wp\/v2\/posts"}],"about":[{"href":"https:\/\/analisedemarketing.com\/index.php?rest_route=\/wp\/v2\/types\/post"}],"author":[{"embeddable":true,"href":"https:\/\/analisedemarketing.com\/index.php?rest_route=\/wp\/v2\/users\/1"}],"replies":[{"embeddable":true,"href":"https:\/\/analisedemarketing.com\/index.php?rest_route=%2Fwp%2Fv2%2Fcomments&post=266"}],"version-history":[{"count":0,"href":"https:\/\/analisedemarketing.com\/index.php?rest_route=\/wp\/v2\/posts\/266\/revisions"}],"wp:attachment":[{"href":"https:\/\/analisedemarketing.com\/index.php?rest_route=%2Fwp%2Fv2%2Fmedia&parent=266"}],"wp:term":[{"taxonomy":"category","embeddable":true,"href":"https:\/\/analisedemarketing.com\/index.php?rest_route=%2Fwp%2Fv2%2Fcategories&post=266"},{"taxonomy":"post_tag","embeddable":true,"href":"https:\/\/analisedemarketing.com\/index.php?rest_route=%2Fwp%2Fv2%2Ftags&post=266"}],"curies":[{"name":"wp","href":"https:\/\/api.w.org\/{rel}","templated":true}]}}