{"id":253,"date":"2011-07-03T22:49:07","date_gmt":"2011-07-04T01:49:07","guid":{"rendered":"http:\/\/analisedemarketing.com\/blog\/?p=253"},"modified":"2011-07-03T22:49:07","modified_gmt":"2011-07-04T01:49:07","slug":"po-de-aucar-e-carrefour-o-impacto-da-fuso","status":"publish","type":"post","link":"https:\/\/analisedemarketing.com\/?p=253","title":{"rendered":"P\u00e3o de A\u00e7ucar e Carrefour                                 O impacto da fus\u00e3o"},"content":{"rendered":"<p align=\"justify\">O assunto j\u00e1 n\u00e3o \u00e9 t\u00e3o novo. Desde a ter\u00e7a feira da semana passada a m\u00eddia vem discutindo a poss\u00edvel fus\u00e3o entre os dois l\u00edderes do varejo no Brasil. Eu esperei, li v\u00e1rias opini\u00f5es e tentei entender todos os lados envolvidos na quest\u00e3o. Particularmente, acredito que consumidores n\u00e3o ganham com a fus\u00e3o, muito menos produtores e fabricantes que vendem aos varejistas. Ainda assim penso que o assunto \u00e9 muito complexo. e talvez eu \u00e9 que n\u00e3o consiga ver os potenciais ganhos que Ab\u00edlio Diniz e o BNDES veem para o pa\u00eds.<\/p>\n<p align=\"justify\">Sendo assim, n\u00e3o vou me aprofundar na quest\u00e3o. Deixo aqui alguns links, o que eu achei de mais interessante, para que cada um possa ler e formar uma opini\u00e3o. Se voc\u00ea ainda n\u00e3o est\u00e1 por dentro do assunto, aqui vai um resumo, para quem j\u00e1 tem acompanhado a hist\u00f3ria, talvez algum link abaixo mostre um ponto de vista que voc\u00ea n\u00e3o viu.<\/p>\n<p><a href=\"http:\/\/exame.abril.com.br\/negocios\/empresas\/noticias\/carrefour-recebe-proposta-para-uniao-com-pao-de-acucar\">Carrefour recebe proposta do P\u00e3o de A\u00e7ucar \u2013 Exame<\/a>    <br \/><a href=\"http:\/\/veja.abril.com.br\/blog\/augusto-nunes\/feira-livre\/com-uma-pequena-ajuda-do-governo-um-texto-de-carlos-alberto-sardenberg\/\">Com uma pequena ajuda do governo \u2013 Carlos Sardenberg para o O Globo<\/a>    <br \/><a href=\"http:\/\/veja.abril.com.br\/noticia\/economia\/novo-pao-de-acucar-um-negocio-em-que-o-bndes-nao-deveria-estar\">Novo P\u00e3o de A\u00e7\u00facar: um neg\u00f3cio em que o BNDES n\u00e3o deveria estar \u2013 Revista Veja<\/a>    <br \/><a href=\"http:\/\/g1.globo.com\/economia\/noticia\/2011\/06\/bndes-defende-sua-presenca-na-uniao-de-pao-de-acucar-e-carrefour.html\">Vice do BNDES defende presen\u00e7a na fus\u00e3o \u2013 G1<\/a>    <br \/><a href=\"http:\/\/g1.globo.com\/economia\/negocios\/noticia\/2011\/06\/nao-tem-nada-de-ilegal-diz-diniz-sobre-proposta-para-carrefour.html\">Entrevista com Ab\u00edlio Diniz \u2013 G1<\/a>    <br \/><a href=\"http:\/\/exame.abril.com.br\/economia\/noticias\/pesquisa-mostra-que-30-nao-querem-fusao-do-pao-de-acucar\">Pesquisa mostra que 30% da ind\u00fastria n\u00e3o quer fus\u00e3o \u2013 Exame<\/a>    <br \/><a href=\"http:\/\/economia.ig.com.br\/enquete+fusao+do+pao+de+acucar+e+carrefour+e+benefica+ou+ruim\/n1597059005897.html\">Fus\u00e3o \u00e9 ben\u00e9fica ou ruim? \u2013 IG<\/a>    <br \/><a href=\"http:\/\/www.dci.com.br\/Carrefour-abre-leque-de-compradores-no-Pais-11-376513.html\">Carrefour abre leque de compradores no Pa\u00eds \u2013 Di\u00e1rio do Com\u00e9rcio<\/a><\/p>\n","protected":false},"excerpt":{"rendered":"<p>O assunto j\u00e1 n\u00e3o \u00e9 t\u00e3o novo. Desde a ter\u00e7a feira da semana passada a m\u00eddia vem discutindo a poss\u00edvel fus\u00e3o entre os dois l\u00edderes do varejo no Brasil. Eu esperei, li v\u00e1rias opini\u00f5es e tentei entender todos os lados envolvidos na quest\u00e3o. Particularmente, acredito que consumidores n\u00e3o ganham com a fus\u00e3o, muito menos produtores<\/p>\n","protected":false},"author":1,"featured_media":0,"comment_status":"open","ping_status":"open","sticky":false,"template":"","format":"standard","meta":{"footnotes":""},"categories":[8,10,15],"tags":[50,97,163,174],"class_list":{"0":"post-253","1":"post","2":"type-post","3":"status-publish","4":"format-standard","6":"category-economia","7":"category-empresas","8":"category-mercados","9":"tag-carrefour","10":"tag-fusao","11":"tag-novo-pao-de-acucar","12":"tag-pao-de-acucar"},"_links":{"self":[{"href":"https:\/\/analisedemarketing.com\/index.php?rest_route=\/wp\/v2\/posts\/253"}],"collection":[{"href":"https:\/\/analisedemarketing.com\/index.php?rest_route=\/wp\/v2\/posts"}],"about":[{"href":"https:\/\/analisedemarketing.com\/index.php?rest_route=\/wp\/v2\/types\/post"}],"author":[{"embeddable":true,"href":"https:\/\/analisedemarketing.com\/index.php?rest_route=\/wp\/v2\/users\/1"}],"replies":[{"embeddable":true,"href":"https:\/\/analisedemarketing.com\/index.php?rest_route=%2Fwp%2Fv2%2Fcomments&post=253"}],"version-history":[{"count":0,"href":"https:\/\/analisedemarketing.com\/index.php?rest_route=\/wp\/v2\/posts\/253\/revisions"}],"wp:attachment":[{"href":"https:\/\/analisedemarketing.com\/index.php?rest_route=%2Fwp%2Fv2%2Fmedia&parent=253"}],"wp:term":[{"taxonomy":"category","embeddable":true,"href":"https:\/\/analisedemarketing.com\/index.php?rest_route=%2Fwp%2Fv2%2Fcategories&post=253"},{"taxonomy":"post_tag","embeddable":true,"href":"https:\/\/analisedemarketing.com\/index.php?rest_route=%2Fwp%2Fv2%2Ftags&post=253"}],"curies":[{"name":"wp","href":"https:\/\/api.w.org\/{rel}","templated":true}]}}