{"id":239,"date":"2011-06-20T19:48:14","date_gmt":"2011-06-20T22:48:14","guid":{"rendered":"http:\/\/analisedemarketing.com\/blog\/?p=239"},"modified":"2011-06-20T19:48:14","modified_gmt":"2011-06-20T22:48:14","slug":"srie-marcas-o-mundo-de-olho-nas-marcas-brasileiras","status":"publish","type":"post","link":"https:\/\/analisedemarketing.com\/?p=239","title":{"rendered":"S\u00e9rie Marcas: O mundo de olho nas marcas brasileiras"},"content":{"rendered":"<p>A s\u00e9rie sobre a pesquisa tem hoje seu \u00faltimo post com foco no Brasil, mas j\u00e1 come\u00e7a aqui a transi\u00e7\u00e3o para o global. O que eu gostaria de registrar aqui \u00e9 o reconhecimento e a aten\u00e7\u00e3o que a pesquisa da WPP\/Brandz deu ao mercado brasileiro e suas marcas. Apenas tr\u00eas pa\u00edses receberam an\u00e1lises individuais no relat\u00f3rio: China, \u00cdndia e Brasil, tr\u00eas dos integrantes do BRICS, que ainda tem a R\u00fassia.<\/p>\n<figure style=\"width: 350px\" class=\"wp-caption alignleft\"><img loading=\"lazy\" decoding=\"async\" style=\"background-image: none; margin: 0px 6px 0px 0px; padding-left: 0px; padding-right: 0px; display: inline; padding-top: 0px; border: 0pt none;\" title=\"Ranking Am\u00e9rica Latina\" src=\"http:\/\/analisedemarketing.com\/blog\/wp-content\/uploads\/2011\/06\/image5.png\" border=\"0\" alt=\"Ranking Am\u00e9rica Latina\" width=\"350\" height=\"228\" align=\"left\" \/><figcaption class=\"wp-caption-text\">Das 8 maiores marcas da Am\u00e9rica Latina, 6 s\u00e3o brasileiras.<\/figcaption><\/figure>\n<p>A p\u00e1gina que se refere ao Brasil d\u00e1 destaque \u00e0s tr\u00eas marcas que entraram para o Top100 mundial: Petrobr\u00e1s, Ita\u00fa e Bradesco, e ainda Natura, Skol e Brahma, que se juntam \u00e0s tr\u00eas primeiras no Top8 da Am\u00e9rica Latina. O texto destaca o crescimento da classe m\u00e9dia brasileira, as boas perspectivas econ\u00f4micas e os investimentos em infra estrutura que a Copa de 2014 e Olimp\u00edadas de 2016 v\u00e3o trazer.<\/p>\n<p>O relat\u00f3rio fala tamb\u00e9m do consumidor brasileiro. Um dos mais ativos em m\u00eddias sociais, abre espa\u00e7o para a comunica\u00e7\u00e3o online das empresas, e com o aumento da renda \u00e9 previsto um n\u00famero maior de smartphones, aumentando este mercado online. As compras coletivas s\u00e3o destacadas como tend\u00eancia que mant\u00e9m o poder de compra dos consumidores em uma economia inflacionada. \u00c9 observada a tend\u00eancia dos consumidores de comprar mais nos supermercados e a oportunidade que empresas de algumas categorias, como bebidas n\u00e3o alco\u00f3licas, veem de atrair o consumidor que tem maior or\u00e7amento para produtos que n\u00e3o s\u00e3o prioridade.<\/p>\n<p>Se a classe m\u00e9dia \u00e9 destaque pelo crescimento as classes mais altas s\u00e3o destaque pelo aumento da riqueza. Segundo o relat\u00f3rio os ricos est\u00e3o ficando mais ricos, e marcas de luxo j\u00e1 encontram um amplo mercado no pa\u00eds. A prefer\u00eancia por marcas internacionais dificulta o crescimento das marcas brasileiras, principalmente no mercado de luxo. Ainda assim em algumas categorias as marcas nacionais se destacam. As cervejas s\u00e3o um exemplo, neste mercado os players nacionais s\u00e3o l\u00edderes em venda.<\/p>\n<p>A an\u00e1lise final fala das empresas mais valiosas, seguindo o que comentei aqui quando vi o ranking. A Petrobr\u00e1s \u00e9 l\u00edder pelo seu alto faturamento, com baixa contribui\u00e7\u00e3o da marca, que \u00e9 importante por sua solidez. Os bancos s\u00e3o para eles um ind\u00edcio de que a economia brasileira passar por grandes e promissoras mudan\u00e7as.<\/p>\n<p>Se voc\u00ea ficou interessado no texto, <a href=\"http:\/\/analisedemarketing.com\/blog\/wp-content\/uploads\/2011\/06\/WPP_BrandZ_Brasil.jpg\">clique aqui e veja o texto do relat\u00f3rio<\/a>, em ingl\u00eas. Veja abaixo os outros posts da s\u00e9rie:<\/p>\n<p><a href=\"http:\/\/analisedemarketing.com\/blog\/?p=222\"><strong>S\u00e9rie Marcas: Valor de cada marca brasileira<\/strong><\/a><br \/>\n<strong><a href=\"http:\/\/analisedemarketing.com\/blog\/?p=211\">S\u00e9rie Marcas: As mais valiosas do Brasil<\/a><br \/>\n<strong><a href=\"http:\/\/analisedemarketing.com\/blog\/?p=145\">S\u00e9rie Marcas: As mais fortes do Brasil<\/a><br \/>\n<strong><a href=\"http:\/\/analisedemarketing.com\/blog\/?p=119\">Apple: Marca mais valiosa do mundo<\/a><\/strong><\/strong><\/strong><\/p>\n","protected":false},"excerpt":{"rendered":"<p>A s\u00e9rie sobre a pesquisa tem hoje seu \u00faltimo post com foco no Brasil, mas j\u00e1 come\u00e7a aqui a transi\u00e7\u00e3o para o global. O que eu gostaria de registrar aqui \u00e9 o reconhecimento e a aten\u00e7\u00e3o que a pesquisa da WPP\/Brandz deu ao mercado brasileiro e suas marcas. Apenas tr\u00eas pa\u00edses receberam an\u00e1lises individuais no<\/p>\n","protected":false},"author":1,"featured_media":0,"comment_status":"open","ping_status":"open","sticky":false,"template":"","format":"standard","meta":{"footnotes":""},"categories":[13,15],"tags":[44,135,139,200,219],"class_list":{"0":"post-239","1":"post","2":"type-post","3":"status-publish","4":"format-standard","6":"category-marcas","7":"category-mercados","8":"tag-brandz","9":"tag-marca","10":"tag-marcas-valiosas","11":"tag-serie-marcas","12":"tag-wpp"},"_links":{"self":[{"href":"https:\/\/analisedemarketing.com\/index.php?rest_route=\/wp\/v2\/posts\/239"}],"collection":[{"href":"https:\/\/analisedemarketing.com\/index.php?rest_route=\/wp\/v2\/posts"}],"about":[{"href":"https:\/\/analisedemarketing.com\/index.php?rest_route=\/wp\/v2\/types\/post"}],"author":[{"embeddable":true,"href":"https:\/\/analisedemarketing.com\/index.php?rest_route=\/wp\/v2\/users\/1"}],"replies":[{"embeddable":true,"href":"https:\/\/analisedemarketing.com\/index.php?rest_route=%2Fwp%2Fv2%2Fcomments&post=239"}],"version-history":[{"count":0,"href":"https:\/\/analisedemarketing.com\/index.php?rest_route=\/wp\/v2\/posts\/239\/revisions"}],"wp:attachment":[{"href":"https:\/\/analisedemarketing.com\/index.php?rest_route=%2Fwp%2Fv2%2Fmedia&parent=239"}],"wp:term":[{"taxonomy":"category","embeddable":true,"href":"https:\/\/analisedemarketing.com\/index.php?rest_route=%2Fwp%2Fv2%2Fcategories&post=239"},{"taxonomy":"post_tag","embeddable":true,"href":"https:\/\/analisedemarketing.com\/index.php?rest_route=%2Fwp%2Fv2%2Ftags&post=239"}],"curies":[{"name":"wp","href":"https:\/\/api.w.org\/{rel}","templated":true}]}}