{"id":156,"date":"2011-05-22T12:18:30","date_gmt":"2011-05-22T15:18:30","guid":{"rendered":"http:\/\/analisedemarketing.com\/blog\/?p=156"},"modified":"2011-05-22T12:18:30","modified_gmt":"2011-05-22T15:18:30","slug":"25-de-maro-fenmeno-de-vendas","status":"publish","type":"post","link":"https:\/\/analisedemarketing.com\/?p=156","title":{"rendered":"25 de Mar\u00e7o &#8211; Fen\u00f4meno de Vendas"},"content":{"rendered":"<p>O Estad\u00e3o lan\u00e7ou um especial sobre a famosa rua 25 de mar\u00e7o, em S\u00e3o Paulo, considerada o maior centro comercial da Am\u00e9rica Latina. Os n\u00fameros impressionam, principalmente a compara\u00e7\u00e3o de faturamento com os shoppings brasileiros.<\/p>\n<p>Veja o infogr\u00e1fico abaixo:<a href=\"http:\/\/analisedemarketing.com\/blog\/wp-content\/uploads\/2011\/05\/analisedemarketing_25deMarco.jpg\"><img loading=\"lazy\" decoding=\"async\" style=\"background-image: none; margin: 10px 0px 0px; padding-left: 0px; padding-right: 0px; display: inline; padding-top: 0px; border: 0px;\" title=\"analisedemarketing_25deMarco\" src=\"http:\/\/analisedemarketing.com\/blog\/wp-content\/uploads\/2011\/05\/analisedemarketing_25deMarco_thumb.jpg\" border=\"0\" alt=\"analisedemarketing_25deMarco\" width=\"664\" height=\"451\" \/><\/a><\/p>\n<p>A 25 de mar\u00e7o \u00e9 um espa\u00e7o bem mais comercial que os shoppings, espa\u00e7o para quem quer realmente ir \u00e0s compras. Quem escolhe ir \u00e0s compras costuma tirar o dia para isso, e o tempo de perman\u00eancia na 25 de mar\u00e7o fica entre meio dia e 1 dia inteiro, contra apenas 73 minutos do shopping. O gasto m\u00e9dio tamb\u00e9m \u00e9 superior: R$193.45 contra R$140 dos shoppings.<\/p>\n<p>Enquanto 392 shoppings faturaram R$69,7 bilh\u00f5es em 2009, a regi\u00e3o da 25 de mar\u00e7o faturou R$17,6 bilh\u00f5es. Isso mostra a for\u00e7a que o com\u00e9rcio de rua ainda tem no Brasil. Este ano mesmo o Mundo do Marketing publicou uma mat\u00e9ria que apontava uma prefer\u00eancia das mulheres brasileiras pelas lojas de rua. N\u00e3o \u00e9 \u00e0 toa que a 25 de mar\u00e7o tem o metro quadrado mais caro entre as ruas comerciais de S\u00e3o Paulo.<\/p>\n<p>Chama a aten\u00e7\u00e3o tamb\u00e9m o p\u00fablico, composto em sua maioria pelas classes A e B. Nos shoppins as classes A e B comp\u00f5em 79% dos consumidores, na 25 de mar\u00e7o 56%. Apesar de menor, o n\u00famero \u00e9 alto para um que lugar tem fama de popular.<\/p>\n<p>Em todo o Brasil h\u00e1 espa\u00e7os comercias abertos de muito sucesso. Ainda h\u00e1 muito potencial para o consumo fora dos shoppings.<\/p>\n<p><em>Fonte: Jornal o Estado de S\u00e3o Paulo<\/em><\/p>\n","protected":false},"excerpt":{"rendered":"<p>O Estad\u00e3o lan\u00e7ou um especial sobre a famosa rua 25 de mar\u00e7o, em S\u00e3o Paulo, considerada o maior centro comercial da Am\u00e9rica Latina. Os n\u00fameros impressionam, principalmente a compara\u00e7\u00e3o de faturamento com os shoppings brasileiros. Veja o infogr\u00e1fico abaixo: A 25 de mar\u00e7o \u00e9 um espa\u00e7o bem mais comercial que os shoppings, espa\u00e7o para quem<\/p>\n","protected":false},"author":1,"featured_media":0,"comment_status":"open","ping_status":"open","sticky":false,"template":"","format":"standard","meta":{"footnotes":""},"categories":[7,15],"tags":[21,69,166,202],"class_list":{"0":"post-156","1":"post","2":"type-post","3":"status-publish","4":"format-standard","6":"category-consumo","7":"category-mercados","8":"tag-25-de-marco","9":"tag-consumidor","10":"tag-numeros-do-consumo","11":"tag-shoppings"},"_links":{"self":[{"href":"https:\/\/analisedemarketing.com\/index.php?rest_route=\/wp\/v2\/posts\/156"}],"collection":[{"href":"https:\/\/analisedemarketing.com\/index.php?rest_route=\/wp\/v2\/posts"}],"about":[{"href":"https:\/\/analisedemarketing.com\/index.php?rest_route=\/wp\/v2\/types\/post"}],"author":[{"embeddable":true,"href":"https:\/\/analisedemarketing.com\/index.php?rest_route=\/wp\/v2\/users\/1"}],"replies":[{"embeddable":true,"href":"https:\/\/analisedemarketing.com\/index.php?rest_route=%2Fwp%2Fv2%2Fcomments&post=156"}],"version-history":[{"count":0,"href":"https:\/\/analisedemarketing.com\/index.php?rest_route=\/wp\/v2\/posts\/156\/revisions"}],"wp:attachment":[{"href":"https:\/\/analisedemarketing.com\/index.php?rest_route=%2Fwp%2Fv2%2Fmedia&parent=156"}],"wp:term":[{"taxonomy":"category","embeddable":true,"href":"https:\/\/analisedemarketing.com\/index.php?rest_route=%2Fwp%2Fv2%2Fcategories&post=156"},{"taxonomy":"post_tag","embeddable":true,"href":"https:\/\/analisedemarketing.com\/index.php?rest_route=%2Fwp%2Fv2%2Ftags&post=156"}],"curies":[{"name":"wp","href":"https:\/\/api.w.org\/{rel}","templated":true}]}}