{"id":133,"date":"2011-05-18T22:51:33","date_gmt":"2011-05-19T01:51:33","guid":{"rendered":"http:\/\/analisedemarketing.com\/blog\/?p=133"},"modified":"2011-05-18T22:51:33","modified_gmt":"2011-05-19T01:51:33","slug":"coca-cola-comemora-125-anos-nas-embalagens","status":"publish","type":"post","link":"https:\/\/analisedemarketing.com\/?p=133","title":{"rendered":"Coca Cola comemora nas embalagens seus 125 anos"},"content":{"rendered":"<p style=\"text-align: justify;\">A Coca Cola est\u00e1 completando este ano 125 anos, e como \u00e9 a principal marca de bebida do mundo, l\u00edder absoluta em vendas e uma das marcas mais conhecidas e valiosas do mundo, n\u00e3o faltam motivos para comemorar.<\/p>\n<p style=\"text-align: justify;\">E a comemora\u00e7\u00e3o come\u00e7a nas novas embalagens de Coca-Cola pelo mundo. Aqui no Brasil a empresa lan\u00e7ou a latinha comemorativa, adaptada no Brasil pela OZ Design.<\/p>\n<p style=\"text-align: justify;\"><a href=\"http:\/\/analisedemarketing.com\/blog\/wp-content\/uploads\/2011\/05\/lata_coca125.jpg\"><img loading=\"lazy\" decoding=\"async\" style=\"background-image: none; padding-left: 0px; padding-right: 0px; display: block; float: none; margin-left: auto; margin-right: auto; padding-top: 0px; border-width: 0px;\" title=\"lata_coca125\" src=\"http:\/\/analisedemarketing.com\/blog\/wp-content\/uploads\/2011\/05\/lata_coca125_thumb.jpg\" border=\"0\" alt=\"lata_coca125\" width=\"229\" height=\"380\" \/><\/a><\/p>\n<p style=\"text-align: justify;\">J\u00e1 nos Estados Unidos e na Europa a empresa vai colocar no mercado uma s\u00e9rie limitada de latas desenhadas pelo ilustrador brit\u00e2nico James Jarvis. Gostei mais dessas, porque fogem do padr\u00e3o, o que d\u00e1 mais cara de comemora\u00e7\u00e3o. Achei tamb\u00e9m que o desenho combinou com o estilo Coca Cola.<\/p>\n<p style=\"text-align: justify;\"><a href=\"http:\/\/analisedemarketing.com\/blog\/wp-content\/uploads\/2011\/05\/coca_ilustrada.jpg\"><img loading=\"lazy\" decoding=\"async\" style=\"background-image: none; padding-left: 0px; padding-right: 0px; display: block; float: none; margin-left: auto; margin-right: auto; padding-top: 0px; border: 0px;\" title=\"coca_ilustrada\" src=\"http:\/\/analisedemarketing.com\/blog\/wp-content\/uploads\/2011\/05\/coca_ilustrada_thumb.jpg\" border=\"0\" alt=\"coca_ilustrada\" width=\"251\" height=\"380\" \/><\/a><\/p>\n<p style=\"text-align: justify;\">Mas por fim, a embalagem mais legal que a Coca coloca no mercado \u00e9 a que vai para Inglaterra. A empresa relan\u00e7a a The Hutchinson, criada em 1899, primeira garrafa de vidro da bebida. Al\u00e9m disso outras tr\u00eas ves\u00f5es de garrafa hist\u00f3ricas estar\u00e3o dispon\u00edveis: The Straight Sided, The Prototype e Contour. Essa \u00faltima foi lan\u00e7ada em 1916 e se manteve no mercado com a mesma forma durante 95 anos.<\/p>\n<p style=\"text-align: justify;\">Achei sensacional relan\u00e7ar as garrafas. \u00c9 claro que vai chamar aten\u00e7\u00e3o no PDV e resultar em vendas, e para completar, Coca Cola em garrafa \u201cantiga\u201d parece que fica melhor ainda.<\/p>\n<div class=\"mceTemp\" style=\"text-align: justify;\">\n<dl class=\"wp-caption alignnone\" style=\"width: 613px;\">\n<dt class=\"wp-caption-dt\"><a href=\"http:\/\/analisedemarketing.com\/blog\/wp-content\/uploads\/2011\/05\/garrafas_historicas_coca.jpg\"><img loading=\"lazy\" decoding=\"async\" style=\"border: 0px currentColor; padding-top: 0px; padding-right: 0px; padding-left: 0px; margin-right: auto; margin-left: auto; display: block; background-image: none;\" title=\"garrafas_historicas_coca\" src=\"http:\/\/analisedemarketing.com\/blog\/wp-content\/uploads\/2011\/05\/garrafas_historicas_coca_thumb.jpg\" border=\"0\" alt=\"garrafas_historicas_coca\" width=\"603\" height=\"480\" \/><\/a><\/dt>\n<dd class=\"wp-caption-dd\">The Hutchinson, a primeira garrafa de vidro, e as outras garrafas hist\u00f3ricas. A \u00faltima a direita, a cl\u00e1ssica Contour.<\/dd>\n<\/dl>\n<\/div>\n","protected":false},"excerpt":{"rendered":"<p>A Coca Cola est\u00e1 completando este ano 125 anos, e como \u00e9 a principal marca de bebida do mundo, l\u00edder absoluta em vendas e uma das marcas mais conhecidas e valiosas do mundo, n\u00e3o faltam motivos para comemorar. E a comemora\u00e7\u00e3o come\u00e7a nas novas embalagens de Coca-Cola pelo mundo. Aqui no Brasil a empresa lan\u00e7ou<\/p>\n","protected":false},"author":1,"featured_media":0,"comment_status":"open","ping_status":"open","sticky":false,"template":"","format":"standard","meta":{"footnotes":""},"categories":[4,9],"tags":[63,64,83,101,128,135],"class_list":{"0":"post-133","1":"post","2":"type-post","3":"status-publish","4":"format-standard","6":"category-acoes-de-marketing","7":"category-embalagens","8":"tag-coca-125-anos","9":"tag-coca-cola","10":"tag-embalagem","11":"tag-garrafa","12":"tag-latinha","13":"tag-marca"},"_links":{"self":[{"href":"https:\/\/analisedemarketing.com\/index.php?rest_route=\/wp\/v2\/posts\/133"}],"collection":[{"href":"https:\/\/analisedemarketing.com\/index.php?rest_route=\/wp\/v2\/posts"}],"about":[{"href":"https:\/\/analisedemarketing.com\/index.php?rest_route=\/wp\/v2\/types\/post"}],"author":[{"embeddable":true,"href":"https:\/\/analisedemarketing.com\/index.php?rest_route=\/wp\/v2\/users\/1"}],"replies":[{"embeddable":true,"href":"https:\/\/analisedemarketing.com\/index.php?rest_route=%2Fwp%2Fv2%2Fcomments&post=133"}],"version-history":[{"count":0,"href":"https:\/\/analisedemarketing.com\/index.php?rest_route=\/wp\/v2\/posts\/133\/revisions"}],"wp:attachment":[{"href":"https:\/\/analisedemarketing.com\/index.php?rest_route=%2Fwp%2Fv2%2Fmedia&parent=133"}],"wp:term":[{"taxonomy":"category","embeddable":true,"href":"https:\/\/analisedemarketing.com\/index.php?rest_route=%2Fwp%2Fv2%2Fcategories&post=133"},{"taxonomy":"post_tag","embeddable":true,"href":"https:\/\/analisedemarketing.com\/index.php?rest_route=%2Fwp%2Fv2%2Ftags&post=133"}],"curies":[{"name":"wp","href":"https:\/\/api.w.org\/{rel}","templated":true}]}}